{"id":1992,"date":"2021-10-17T11:14:19","date_gmt":"2021-10-17T11:14:19","guid":{"rendered":"https:\/\/castellgardenylleida.com\/?p=1992"},"modified":"2021-10-17T11:14:21","modified_gmt":"2021-10-17T11:14:21","slug":"laccg-promou-liniciativa-per-netejar-el-turo-de-gardeny","status":"publish","type":"post","link":"https:\/\/castellgardenylleida.com\/ca\/laccg-promou-liniciativa-per-netejar-el-turo-de-gardeny\/","title":{"rendered":"l&#8217;ACCG, promou l&#8217;iniciativa per netejar el tur\u00f3 de Gardeny."},"content":{"rendered":"<p>10 de Desembre de 2020. Una cinquentena de persones van participar en la neteja del tur\u00f3 de Gardeny. El president Ram\u00f3n Roy considera un \u00e8xit  la resposta de la ciutadania, en aquesta iniciativa promoguda per l&#8217;ACCG, conjuntament amb la Paeria. La proposta es fer-ho un cap a l&#8217;any!<\/p>","protected":false},"excerpt":{"rendered":"<p>10 de Desembre de 2020. Una cinquentena de persones van participar en la neteja del tur\u00f3 de Gardeny. El president Ram\u00f3n Roy considera un \u00e8xit la resposta de la ciutadania, en aquesta iniciativa promoguda per&hellip;<\/p>","protected":false},"author":2,"featured_media":1994,"comment_status":"closed","ping_status":"closed","sticky":false,"template":"","format":"standard","meta":{"footnotes":""},"categories":[97],"tags":[],"class_list":["post-1992","post","type-post","status-publish","format-standard","has-post-thumbnail","hentry","category-castell-gardeny"],"yoast_head":"<!-- This site is optimized with the Yoast SEO plugin v24.8.1 - https:\/\/yoast.com\/wordpress\/plugins\/seo\/ -->\n<title>l&#039;ACCG, promou l&#039;iniciativa per netejar el tur\u00f3 de Gardeny. - Castell Gardeny Lleida<\/title>\n<meta name=\"robots\" content=\"index, follow, max-snippet:-1, max-image-preview:large, max-video-preview:-1\" \/>\n<link rel=\"canonical\" href=\"https:\/\/castellgardenylleida.com\/ca\/laccg-promou-liniciativa-per-netejar-el-turo-de-gardeny\/\" \/>\n<meta property=\"og:locale\" content=\"ca_ES\" \/>\n<meta property=\"og:type\" content=\"article\" \/>\n<meta property=\"og:title\" content=\"l&#039;ACCG, promou l&#039;iniciativa per netejar el tur\u00f3 de Gardeny. - Castell Gardeny Lleida\" \/>\n<meta property=\"og:description\" content=\"10 de Desembre de 2020. Una cinquentena de persones van participar en la neteja del tur\u00f3 de Gardeny. El president Ram\u00f3n Roy considera un \u00e8xit la resposta de la ciutadania, en aquesta iniciativa promoguda per&hellip;\" \/>\n<meta property=\"og:url\" content=\"https:\/\/castellgardenylleida.com\/ca\/laccg-promou-liniciativa-per-netejar-el-turo-de-gardeny\/\" \/>\n<meta property=\"og:site_name\" content=\"Castell Gardeny Lleida\" \/>\n<meta property=\"article:published_time\" content=\"2021-10-17T11:14:19+00:00\" \/>\n<meta property=\"article:modified_time\" content=\"2021-10-17T11:14:21+00:00\" \/>\n<meta property=\"og:image\" content=\"https:\/\/castellgardenylleida.com\/wp-content\/uploads\/2021\/10\/WhatsApp-Image-2020-12-13-at-10.28.58.jpeg\" \/>\n\t<meta property=\"og:image:width\" content=\"939\" \/>\n\t<meta property=\"og:image:height\" content=\"1078\" \/>\n\t<meta property=\"og:image:type\" content=\"image\/jpeg\" \/>\n<meta name=\"author\" content=\"Oscar\" \/>\n<meta name=\"twitter:card\" content=\"summary_large_image\" \/>\n<meta name=\"twitter:label1\" content=\"Escrit per\" \/>\n\t<meta name=\"twitter:data1\" content=\"Oscar\" \/>\n\t<meta name=\"twitter:label2\" content=\"Temps estimat de lectura\" \/>\n\t<meta name=\"twitter:data2\" content=\"1 minut\" \/>\n<script type=\"application\/ld+json\" class=\"yoast-schema-graph\">{\"@context\":\"https:\/\/schema.org\",\"@graph\":[{\"@type\":\"Article\",\"@id\":\"https:\/\/castellgardenylleida.com\/ca\/laccg-promou-liniciativa-per-netejar-el-turo-de-gardeny\/#article\",\"isPartOf\":{\"@id\":\"https:\/\/castellgardenylleida.com\/ca\/laccg-promou-liniciativa-per-netejar-el-turo-de-gardeny\/\"},\"author\":{\"name\":\"Oscar\",\"@id\":\"https:\/\/castellgardenylleida.com\/ca\/#\/schema\/person\/3aa96387be58f9fb3cda56eed65d7f1d\"},\"headline\":\"l&#8217;ACCG, promou l&#8217;iniciativa per netejar el tur\u00f3 de Gardeny.\",\"datePublished\":\"2021-10-17T11:14:19+00:00\",\"dateModified\":\"2021-10-17T11:14:21+00:00\",\"mainEntityOfPage\":{\"@id\":\"https:\/\/castellgardenylleida.com\/ca\/laccg-promou-liniciativa-per-netejar-el-turo-de-gardeny\/\"},\"wordCount\":60,\"publisher\":{\"@id\":\"https:\/\/castellgardenylleida.com\/ca\/#organization\"},\"image\":{\"@id\":\"https:\/\/castellgardenylleida.com\/ca\/laccg-promou-liniciativa-per-netejar-el-turo-de-gardeny\/#primaryimage\"},\"thumbnailUrl\":\"https:\/\/castellgardenylleida.com\/wp-content\/uploads\/2021\/10\/WhatsApp-Image-2020-12-13-at-10.28.58.jpeg\",\"articleSection\":[\"Castell Gardeny\"],\"inLanguage\":\"ca\"},{\"@type\":\"WebPage\",\"@id\":\"https:\/\/castellgardenylleida.com\/ca\/laccg-promou-liniciativa-per-netejar-el-turo-de-gardeny\/\",\"url\":\"https:\/\/castellgardenylleida.com\/ca\/laccg-promou-liniciativa-per-netejar-el-turo-de-gardeny\/\",\"name\":\"l'ACCG, promou l'iniciativa per netejar el tur\u00f3 de Gardeny. - Castell Gardeny Lleida\",\"isPartOf\":{\"@id\":\"https:\/\/castellgardenylleida.com\/ca\/#website\"},\"primaryImageOfPage\":{\"@id\":\"https:\/\/castellgardenylleida.com\/ca\/laccg-promou-liniciativa-per-netejar-el-turo-de-gardeny\/#primaryimage\"},\"image\":{\"@id\":\"https:\/\/castellgardenylleida.com\/ca\/laccg-promou-liniciativa-per-netejar-el-turo-de-gardeny\/#primaryimage\"},\"thumbnailUrl\":\"https:\/\/castellgardenylleida.com\/wp-content\/uploads\/2021\/10\/WhatsApp-Image-2020-12-13-at-10.28.58.jpeg\",\"datePublished\":\"2021-10-17T11:14:19+00:00\",\"dateModified\":\"2021-10-17T11:14:21+00:00\",\"breadcrumb\":{\"@id\":\"https:\/\/castellgardenylleida.com\/ca\/laccg-promou-liniciativa-per-netejar-el-turo-de-gardeny\/#breadcrumb\"},\"inLanguage\":\"ca\",\"potentialAction\":[{\"@type\":\"ReadAction\",\"target\":[\"https:\/\/castellgardenylleida.com\/ca\/laccg-promou-liniciativa-per-netejar-el-turo-de-gardeny\/\"]}]},{\"@type\":\"ImageObject\",\"inLanguage\":\"ca\",\"@id\":\"https:\/\/castellgardenylleida.com\/ca\/laccg-promou-liniciativa-per-netejar-el-turo-de-gardeny\/#primaryimage\",\"url\":\"https:\/\/castellgardenylleida.com\/wp-content\/uploads\/2021\/10\/WhatsApp-Image-2020-12-13-at-10.28.58.jpeg\",\"contentUrl\":\"https:\/\/castellgardenylleida.com\/wp-content\/uploads\/2021\/10\/WhatsApp-Image-2020-12-13-at-10.28.58.jpeg\",\"width\":939,\"height\":1078},{\"@type\":\"BreadcrumbList\",\"@id\":\"https:\/\/castellgardenylleida.com\/ca\/laccg-promou-liniciativa-per-netejar-el-turo-de-gardeny\/#breadcrumb\",\"itemListElement\":[{\"@type\":\"ListItem\",\"position\":1,\"name\":\"Portada\",\"item\":\"https:\/\/castellgardenylleida.com\/\"},{\"@type\":\"ListItem\",\"position\":2,\"name\":\"l&#8217;ACCG, promou l&#8217;iniciativa per netejar el tur\u00f3 de Gardeny.\"}]},{\"@type\":\"WebSite\",\"@id\":\"https:\/\/castellgardenylleida.com\/ca\/#website\",\"url\":\"https:\/\/castellgardenylleida.com\/ca\/\",\"name\":\"Castell Gardeny Lleida\",\"description\":\"turo de gardeny\",\"publisher\":{\"@id\":\"https:\/\/castellgardenylleida.com\/ca\/#organization\"},\"potentialAction\":[{\"@type\":\"SearchAction\",\"target\":{\"@type\":\"EntryPoint\",\"urlTemplate\":\"https:\/\/castellgardenylleida.com\/ca\/?s={search_term_string}\"},\"query-input\":{\"@type\":\"PropertyValueSpecification\",\"valueRequired\":true,\"valueName\":\"search_term_string\"}}],\"inLanguage\":\"ca\"},{\"@type\":\"Organization\",\"@id\":\"https:\/\/castellgardenylleida.com\/ca\/#organization\",\"name\":\"Castell Gardeny Lleida\",\"url\":\"https:\/\/castellgardenylleida.com\/ca\/\",\"logo\":{\"@type\":\"ImageObject\",\"inLanguage\":\"ca\",\"@id\":\"https:\/\/castellgardenylleida.com\/ca\/#\/schema\/logo\/image\/\",\"url\":\"https:\/\/castellgardenylleida.com\/wp-content\/uploads\/2019\/09\/cropped-LOGOTIP_ACCG_blanc.png\",\"contentUrl\":\"https:\/\/castellgardenylleida.com\/wp-content\/uploads\/2019\/09\/cropped-LOGOTIP_ACCG_blanc.png\",\"width\":500,\"height\":199,\"caption\":\"Castell Gardeny Lleida\"},\"image\":{\"@id\":\"https:\/\/castellgardenylleida.com\/ca\/#\/schema\/logo\/image\/\"}},{\"@type\":\"Person\",\"@id\":\"https:\/\/castellgardenylleida.com\/ca\/#\/schema\/person\/3aa96387be58f9fb3cda56eed65d7f1d\",\"name\":\"Oscar\",\"url\":\"https:\/\/castellgardenylleida.com\/ca\/author\/oscar\/\"}]}<\/script>\n<!-- \/ Yoast SEO plugin. -->","yoast_head_json":{"title":"l'ACCG, promou l'iniciativa per netejar el tur\u00f3 de Gardeny. - Castell Gardeny Lleida","robots":{"index":"index","follow":"follow","max-snippet":"max-snippet:-1","max-image-preview":"max-image-preview:large","max-video-preview":"max-video-preview:-1"},"canonical":"https:\/\/castellgardenylleida.com\/ca\/laccg-promou-liniciativa-per-netejar-el-turo-de-gardeny\/","og_locale":"ca_ES","og_type":"article","og_title":"l'ACCG, promou l'iniciativa per netejar el tur\u00f3 de Gardeny. - Castell Gardeny Lleida","og_description":"10 de Desembre de 2020. Una cinquentena de persones van participar en la neteja del tur\u00f3 de Gardeny. El president Ram\u00f3n Roy considera un \u00e8xit la resposta de la ciutadania, en aquesta iniciativa promoguda per&hellip;","og_url":"https:\/\/castellgardenylleida.com\/ca\/laccg-promou-liniciativa-per-netejar-el-turo-de-gardeny\/","og_site_name":"Castell Gardeny Lleida","article_published_time":"2021-10-17T11:14:19+00:00","article_modified_time":"2021-10-17T11:14:21+00:00","og_image":[{"width":939,"height":1078,"url":"https:\/\/castellgardenylleida.com\/wp-content\/uploads\/2021\/10\/WhatsApp-Image-2020-12-13-at-10.28.58.jpeg","type":"image\/jpeg"}],"author":"Oscar","twitter_card":"summary_large_image","twitter_misc":{"Escrit per":"Oscar","Temps estimat de lectura":"1 minut"},"schema":{"@context":"https:\/\/schema.org","@graph":[{"@type":"Article","@id":"https:\/\/castellgardenylleida.com\/ca\/laccg-promou-liniciativa-per-netejar-el-turo-de-gardeny\/#article","isPartOf":{"@id":"https:\/\/castellgardenylleida.com\/ca\/laccg-promou-liniciativa-per-netejar-el-turo-de-gardeny\/"},"author":{"name":"Oscar","@id":"https:\/\/castellgardenylleida.com\/ca\/#\/schema\/person\/3aa96387be58f9fb3cda56eed65d7f1d"},"headline":"l&#8217;ACCG, promou l&#8217;iniciativa per netejar el tur\u00f3 de Gardeny.","datePublished":"2021-10-17T11:14:19+00:00","dateModified":"2021-10-17T11:14:21+00:00","mainEntityOfPage":{"@id":"https:\/\/castellgardenylleida.com\/ca\/laccg-promou-liniciativa-per-netejar-el-turo-de-gardeny\/"},"wordCount":60,"publisher":{"@id":"https:\/\/castellgardenylleida.com\/ca\/#organization"},"image":{"@id":"https:\/\/castellgardenylleida.com\/ca\/laccg-promou-liniciativa-per-netejar-el-turo-de-gardeny\/#primaryimage"},"thumbnailUrl":"https:\/\/castellgardenylleida.com\/wp-content\/uploads\/2021\/10\/WhatsApp-Image-2020-12-13-at-10.28.58.jpeg","articleSection":["Castell Gardeny"],"inLanguage":"ca"},{"@type":"WebPage","@id":"https:\/\/castellgardenylleida.com\/ca\/laccg-promou-liniciativa-per-netejar-el-turo-de-gardeny\/","url":"https:\/\/castellgardenylleida.com\/ca\/laccg-promou-liniciativa-per-netejar-el-turo-de-gardeny\/","name":"l'ACCG, promou l'iniciativa per netejar el tur\u00f3 de Gardeny. - Castell Gardeny Lleida","isPartOf":{"@id":"https:\/\/castellgardenylleida.com\/ca\/#website"},"primaryImageOfPage":{"@id":"https:\/\/castellgardenylleida.com\/ca\/laccg-promou-liniciativa-per-netejar-el-turo-de-gardeny\/#primaryimage"},"image":{"@id":"https:\/\/castellgardenylleida.com\/ca\/laccg-promou-liniciativa-per-netejar-el-turo-de-gardeny\/#primaryimage"},"thumbnailUrl":"https:\/\/castellgardenylleida.com\/wp-content\/uploads\/2021\/10\/WhatsApp-Image-2020-12-13-at-10.28.58.jpeg","datePublished":"2021-10-17T11:14:19+00:00","dateModified":"2021-10-17T11:14:21+00:00","breadcrumb":{"@id":"https:\/\/castellgardenylleida.com\/ca\/laccg-promou-liniciativa-per-netejar-el-turo-de-gardeny\/#breadcrumb"},"inLanguage":"ca","potentialAction":[{"@type":"ReadAction","target":["https:\/\/castellgardenylleida.com\/ca\/laccg-promou-liniciativa-per-netejar-el-turo-de-gardeny\/"]}]},{"@type":"ImageObject","inLanguage":"ca","@id":"https:\/\/castellgardenylleida.com\/ca\/laccg-promou-liniciativa-per-netejar-el-turo-de-gardeny\/#primaryimage","url":"https:\/\/castellgardenylleida.com\/wp-content\/uploads\/2021\/10\/WhatsApp-Image-2020-12-13-at-10.28.58.jpeg","contentUrl":"https:\/\/castellgardenylleida.com\/wp-content\/uploads\/2021\/10\/WhatsApp-Image-2020-12-13-at-10.28.58.jpeg","width":939,"height":1078},{"@type":"BreadcrumbList","@id":"https:\/\/castellgardenylleida.com\/ca\/laccg-promou-liniciativa-per-netejar-el-turo-de-gardeny\/#breadcrumb","itemListElement":[{"@type":"ListItem","position":1,"name":"Portada","item":"https:\/\/castellgardenylleida.com\/"},{"@type":"ListItem","position":2,"name":"l&#8217;ACCG, promou l&#8217;iniciativa per netejar el tur\u00f3 de Gardeny."}]},{"@type":"WebSite","@id":"https:\/\/castellgardenylleida.com\/ca\/#website","url":"https:\/\/castellgardenylleida.com\/ca\/","name":"Castell Gardeny Lleida","description":"turo de gardeny","publisher":{"@id":"https:\/\/castellgardenylleida.com\/ca\/#organization"},"potentialAction":[{"@type":"SearchAction","target":{"@type":"EntryPoint","urlTemplate":"https:\/\/castellgardenylleida.com\/ca\/?s={search_term_string}"},"query-input":{"@type":"PropertyValueSpecification","valueRequired":true,"valueName":"search_term_string"}}],"inLanguage":"ca"},{"@type":"Organization","@id":"https:\/\/castellgardenylleida.com\/ca\/#organization","name":"Castell Gardeny Lleida","url":"https:\/\/castellgardenylleida.com\/ca\/","logo":{"@type":"ImageObject","inLanguage":"ca","@id":"https:\/\/castellgardenylleida.com\/ca\/#\/schema\/logo\/image\/","url":"https:\/\/castellgardenylleida.com\/wp-content\/uploads\/2019\/09\/cropped-LOGOTIP_ACCG_blanc.png","contentUrl":"https:\/\/castellgardenylleida.com\/wp-content\/uploads\/2019\/09\/cropped-LOGOTIP_ACCG_blanc.png","width":500,"height":199,"caption":"Castell Gardeny Lleida"},"image":{"@id":"https:\/\/castellgardenylleida.com\/ca\/#\/schema\/logo\/image\/"}},{"@type":"Person","@id":"https:\/\/castellgardenylleida.com\/ca\/#\/schema\/person\/3aa96387be58f9fb3cda56eed65d7f1d","name":"Oscar","url":"https:\/\/castellgardenylleida.com\/ca\/author\/oscar\/"}]}},"_links":{"self":[{"href":"https:\/\/castellgardenylleida.com\/ca\/wp-json\/wp\/v2\/posts\/1992","targetHints":{"allow":["GET"]}}],"collection":[{"href":"https:\/\/castellgardenylleida.com\/ca\/wp-json\/wp\/v2\/posts"}],"about":[{"href":"https:\/\/castellgardenylleida.com\/ca\/wp-json\/wp\/v2\/types\/post"}],"author":[{"embeddable":true,"href":"https:\/\/castellgardenylleida.com\/ca\/wp-json\/wp\/v2\/users\/2"}],"replies":[{"embeddable":true,"href":"https:\/\/castellgardenylleida.com\/ca\/wp-json\/wp\/v2\/comments?post=1992"}],"version-history":[{"count":1,"href":"https:\/\/castellgardenylleida.com\/ca\/wp-json\/wp\/v2\/posts\/1992\/revisions"}],"predecessor-version":[{"id":1995,"href":"https:\/\/castellgardenylleida.com\/ca\/wp-json\/wp\/v2\/posts\/1992\/revisions\/1995"}],"wp:featuredmedia":[{"embeddable":true,"href":"https:\/\/castellgardenylleida.com\/ca\/wp-json\/wp\/v2\/media\/1994"}],"wp:attachment":[{"href":"https:\/\/castellgardenylleida.com\/ca\/wp-json\/wp\/v2\/media?parent=1992"}],"wp:term":[{"taxonomy":"category","embeddable":true,"href":"https:\/\/castellgardenylleida.com\/ca\/wp-json\/wp\/v2\/categories?post=1992"},{"taxonomy":"post_tag","embeddable":true,"href":"https:\/\/castellgardenylleida.com\/ca\/wp-json\/wp\/v2\/tags?post=1992"}],"curies":[{"name":"wp","href":"https:\/\/api.w.org\/{rel}","templated":true}]}}