{"id":1974,"date":"2021-10-09T17:05:30","date_gmt":"2021-10-09T17:05:30","guid":{"rendered":"https:\/\/castellgardenylleida.com\/?p=1974"},"modified":"2021-10-09T17:05:32","modified_gmt":"2021-10-09T17:05:32","slug":"laccg-proposa-recuperar-lescala-que-va-fer-lexercit-per-accedir-a-gardeny","status":"publish","type":"post","link":"https:\/\/castellgardenylleida.com\/ca\/laccg-proposa-recuperar-lescala-que-va-fer-lexercit-per-accedir-a-gardeny\/","title":{"rendered":"L&#8217;ACCG, proposa recuperar l&#8217;escala que va fer l&#8217;ex\u00e8rcit per accedir a Gardeny."},"content":{"rendered":"<p>22 de novembre de 2020. Despr\u00e8s de la trobada de les antigues escales que conectaven el Passeig de Ronda, amb el Tur\u00f3 de Gardeny, i utilitzada pels mililtars, l&#8217;ACCG proposa al ajuntament de LLeida recuperarles amb un projecte que recuperaria part de les mateixes i aprofitaria la pasarel-la dels instituts per salvar el desnivell i tornar a conectat la ciutat de Lleida, amb Gardeny.<\/p>","protected":false},"excerpt":{"rendered":"<p>22 de novembre de 2020. Despr\u00e8s de la trobada de les antigues escales que conectaven el Passeig de Ronda, amb el Tur\u00f3 de Gardeny, i utilitzada pels mililtars, l&#8217;ACCG proposa al ajuntament de LLeida recuperarles&hellip;<\/p>","protected":false},"author":2,"featured_media":1975,"comment_status":"closed","ping_status":"closed","sticky":false,"template":"","format":"standard","meta":{"footnotes":""},"categories":[97],"tags":[],"class_list":["post-1974","post","type-post","status-publish","format-standard","has-post-thumbnail","hentry","category-castell-gardeny"],"yoast_head":"<!-- This site is optimized with the Yoast SEO plugin v24.8.1 - https:\/\/yoast.com\/wordpress\/plugins\/seo\/ -->\n<title>L&#039;ACCG, proposa recuperar l&#039;escala que va fer l&#039;ex\u00e8rcit per accedir a Gardeny. - Castell Gardeny Lleida<\/title>\n<meta name=\"robots\" content=\"index, follow, max-snippet:-1, max-image-preview:large, max-video-preview:-1\" \/>\n<link rel=\"canonical\" href=\"https:\/\/castellgardenylleida.com\/ca\/laccg-proposa-recuperar-lescala-que-va-fer-lexercit-per-accedir-a-gardeny\/\" \/>\n<meta property=\"og:locale\" content=\"ca_ES\" \/>\n<meta property=\"og:type\" content=\"article\" \/>\n<meta property=\"og:title\" content=\"L&#039;ACCG, proposa recuperar l&#039;escala que va fer l&#039;ex\u00e8rcit per accedir a Gardeny. - Castell Gardeny Lleida\" \/>\n<meta property=\"og:description\" content=\"22 de novembre de 2020. Despr\u00e8s de la trobada de les antigues escales que conectaven el Passeig de Ronda, amb el Tur\u00f3 de Gardeny, i utilitzada pels mililtars, l&#8217;ACCG proposa al ajuntament de LLeida recuperarles&hellip;\" \/>\n<meta property=\"og:url\" content=\"https:\/\/castellgardenylleida.com\/ca\/laccg-proposa-recuperar-lescala-que-va-fer-lexercit-per-accedir-a-gardeny\/\" \/>\n<meta property=\"og:site_name\" content=\"Castell Gardeny Lleida\" \/>\n<meta property=\"article:published_time\" content=\"2021-10-09T17:05:30+00:00\" \/>\n<meta property=\"article:modified_time\" content=\"2021-10-09T17:05:32+00:00\" \/>\n<meta property=\"og:image\" content=\"https:\/\/castellgardenylleida.com\/wp-content\/uploads\/2021\/10\/WhatsApp-Image-2020-11-22-at-07.49.45.jpeg\" \/>\n\t<meta property=\"og:image:width\" content=\"1080\" \/>\n\t<meta property=\"og:image:height\" content=\"1378\" \/>\n\t<meta property=\"og:image:type\" content=\"image\/jpeg\" \/>\n<meta name=\"author\" content=\"Oscar\" \/>\n<meta name=\"twitter:card\" content=\"summary_large_image\" \/>\n<meta name=\"twitter:label1\" content=\"Escrit per\" \/>\n\t<meta name=\"twitter:data1\" content=\"Oscar\" \/>\n\t<meta name=\"twitter:label2\" content=\"Temps estimat de lectura\" \/>\n\t<meta name=\"twitter:data2\" content=\"1 minut\" \/>\n<script type=\"application\/ld+json\" class=\"yoast-schema-graph\">{\"@context\":\"https:\/\/schema.org\",\"@graph\":[{\"@type\":\"Article\",\"@id\":\"https:\/\/castellgardenylleida.com\/ca\/laccg-proposa-recuperar-lescala-que-va-fer-lexercit-per-accedir-a-gardeny\/#article\",\"isPartOf\":{\"@id\":\"https:\/\/castellgardenylleida.com\/ca\/laccg-proposa-recuperar-lescala-que-va-fer-lexercit-per-accedir-a-gardeny\/\"},\"author\":{\"name\":\"Oscar\",\"@id\":\"https:\/\/castellgardenylleida.com\/ca\/#\/schema\/person\/3aa96387be58f9fb3cda56eed65d7f1d\"},\"headline\":\"L&#8217;ACCG, proposa recuperar l&#8217;escala que va fer l&#8217;ex\u00e8rcit per accedir a Gardeny.\",\"datePublished\":\"2021-10-09T17:05:30+00:00\",\"dateModified\":\"2021-10-09T17:05:32+00:00\",\"mainEntityOfPage\":{\"@id\":\"https:\/\/castellgardenylleida.com\/ca\/laccg-proposa-recuperar-lescala-que-va-fer-lexercit-per-accedir-a-gardeny\/\"},\"wordCount\":80,\"publisher\":{\"@id\":\"https:\/\/castellgardenylleida.com\/ca\/#organization\"},\"image\":{\"@id\":\"https:\/\/castellgardenylleida.com\/ca\/laccg-proposa-recuperar-lescala-que-va-fer-lexercit-per-accedir-a-gardeny\/#primaryimage\"},\"thumbnailUrl\":\"https:\/\/castellgardenylleida.com\/wp-content\/uploads\/2021\/10\/WhatsApp-Image-2020-11-22-at-07.49.45.jpeg\",\"articleSection\":[\"Castell Gardeny\"],\"inLanguage\":\"ca\"},{\"@type\":\"WebPage\",\"@id\":\"https:\/\/castellgardenylleida.com\/ca\/laccg-proposa-recuperar-lescala-que-va-fer-lexercit-per-accedir-a-gardeny\/\",\"url\":\"https:\/\/castellgardenylleida.com\/ca\/laccg-proposa-recuperar-lescala-que-va-fer-lexercit-per-accedir-a-gardeny\/\",\"name\":\"L'ACCG, proposa recuperar l'escala que va fer l'ex\u00e8rcit per accedir a Gardeny. - Castell Gardeny Lleida\",\"isPartOf\":{\"@id\":\"https:\/\/castellgardenylleida.com\/ca\/#website\"},\"primaryImageOfPage\":{\"@id\":\"https:\/\/castellgardenylleida.com\/ca\/laccg-proposa-recuperar-lescala-que-va-fer-lexercit-per-accedir-a-gardeny\/#primaryimage\"},\"image\":{\"@id\":\"https:\/\/castellgardenylleida.com\/ca\/laccg-proposa-recuperar-lescala-que-va-fer-lexercit-per-accedir-a-gardeny\/#primaryimage\"},\"thumbnailUrl\":\"https:\/\/castellgardenylleida.com\/wp-content\/uploads\/2021\/10\/WhatsApp-Image-2020-11-22-at-07.49.45.jpeg\",\"datePublished\":\"2021-10-09T17:05:30+00:00\",\"dateModified\":\"2021-10-09T17:05:32+00:00\",\"breadcrumb\":{\"@id\":\"https:\/\/castellgardenylleida.com\/ca\/laccg-proposa-recuperar-lescala-que-va-fer-lexercit-per-accedir-a-gardeny\/#breadcrumb\"},\"inLanguage\":\"ca\",\"potentialAction\":[{\"@type\":\"ReadAction\",\"target\":[\"https:\/\/castellgardenylleida.com\/ca\/laccg-proposa-recuperar-lescala-que-va-fer-lexercit-per-accedir-a-gardeny\/\"]}]},{\"@type\":\"ImageObject\",\"inLanguage\":\"ca\",\"@id\":\"https:\/\/castellgardenylleida.com\/ca\/laccg-proposa-recuperar-lescala-que-va-fer-lexercit-per-accedir-a-gardeny\/#primaryimage\",\"url\":\"https:\/\/castellgardenylleida.com\/wp-content\/uploads\/2021\/10\/WhatsApp-Image-2020-11-22-at-07.49.45.jpeg\",\"contentUrl\":\"https:\/\/castellgardenylleida.com\/wp-content\/uploads\/2021\/10\/WhatsApp-Image-2020-11-22-at-07.49.45.jpeg\",\"width\":1080,\"height\":1378,\"caption\":\"escales militars de gardeny\"},{\"@type\":\"BreadcrumbList\",\"@id\":\"https:\/\/castellgardenylleida.com\/ca\/laccg-proposa-recuperar-lescala-que-va-fer-lexercit-per-accedir-a-gardeny\/#breadcrumb\",\"itemListElement\":[{\"@type\":\"ListItem\",\"position\":1,\"name\":\"Portada\",\"item\":\"https:\/\/castellgardenylleida.com\/\"},{\"@type\":\"ListItem\",\"position\":2,\"name\":\"L&#8217;ACCG, proposa recuperar l&#8217;escala que va fer l&#8217;ex\u00e8rcit per accedir a Gardeny.\"}]},{\"@type\":\"WebSite\",\"@id\":\"https:\/\/castellgardenylleida.com\/ca\/#website\",\"url\":\"https:\/\/castellgardenylleida.com\/ca\/\",\"name\":\"Castell Gardeny Lleida\",\"description\":\"turo de gardeny\",\"publisher\":{\"@id\":\"https:\/\/castellgardenylleida.com\/ca\/#organization\"},\"potentialAction\":[{\"@type\":\"SearchAction\",\"target\":{\"@type\":\"EntryPoint\",\"urlTemplate\":\"https:\/\/castellgardenylleida.com\/ca\/?s={search_term_string}\"},\"query-input\":{\"@type\":\"PropertyValueSpecification\",\"valueRequired\":true,\"valueName\":\"search_term_string\"}}],\"inLanguage\":\"ca\"},{\"@type\":\"Organization\",\"@id\":\"https:\/\/castellgardenylleida.com\/ca\/#organization\",\"name\":\"Castell Gardeny Lleida\",\"url\":\"https:\/\/castellgardenylleida.com\/ca\/\",\"logo\":{\"@type\":\"ImageObject\",\"inLanguage\":\"ca\",\"@id\":\"https:\/\/castellgardenylleida.com\/ca\/#\/schema\/logo\/image\/\",\"url\":\"https:\/\/castellgardenylleida.com\/wp-content\/uploads\/2019\/09\/cropped-LOGOTIP_ACCG_blanc.png\",\"contentUrl\":\"https:\/\/castellgardenylleida.com\/wp-content\/uploads\/2019\/09\/cropped-LOGOTIP_ACCG_blanc.png\",\"width\":500,\"height\":199,\"caption\":\"Castell Gardeny Lleida\"},\"image\":{\"@id\":\"https:\/\/castellgardenylleida.com\/ca\/#\/schema\/logo\/image\/\"}},{\"@type\":\"Person\",\"@id\":\"https:\/\/castellgardenylleida.com\/ca\/#\/schema\/person\/3aa96387be58f9fb3cda56eed65d7f1d\",\"name\":\"Oscar\",\"url\":\"https:\/\/castellgardenylleida.com\/ca\/author\/oscar\/\"}]}<\/script>\n<!-- \/ Yoast SEO plugin. -->","yoast_head_json":{"title":"L'ACCG, proposa recuperar l'escala que va fer l'ex\u00e8rcit per accedir a Gardeny. - Castell Gardeny Lleida","robots":{"index":"index","follow":"follow","max-snippet":"max-snippet:-1","max-image-preview":"max-image-preview:large","max-video-preview":"max-video-preview:-1"},"canonical":"https:\/\/castellgardenylleida.com\/ca\/laccg-proposa-recuperar-lescala-que-va-fer-lexercit-per-accedir-a-gardeny\/","og_locale":"ca_ES","og_type":"article","og_title":"L'ACCG, proposa recuperar l'escala que va fer l'ex\u00e8rcit per accedir a Gardeny. - Castell Gardeny Lleida","og_description":"22 de novembre de 2020. Despr\u00e8s de la trobada de les antigues escales que conectaven el Passeig de Ronda, amb el Tur\u00f3 de Gardeny, i utilitzada pels mililtars, l&#8217;ACCG proposa al ajuntament de LLeida recuperarles&hellip;","og_url":"https:\/\/castellgardenylleida.com\/ca\/laccg-proposa-recuperar-lescala-que-va-fer-lexercit-per-accedir-a-gardeny\/","og_site_name":"Castell Gardeny Lleida","article_published_time":"2021-10-09T17:05:30+00:00","article_modified_time":"2021-10-09T17:05:32+00:00","og_image":[{"width":1080,"height":1378,"url":"https:\/\/castellgardenylleida.com\/wp-content\/uploads\/2021\/10\/WhatsApp-Image-2020-11-22-at-07.49.45.jpeg","type":"image\/jpeg"}],"author":"Oscar","twitter_card":"summary_large_image","twitter_misc":{"Escrit per":"Oscar","Temps estimat de lectura":"1 minut"},"schema":{"@context":"https:\/\/schema.org","@graph":[{"@type":"Article","@id":"https:\/\/castellgardenylleida.com\/ca\/laccg-proposa-recuperar-lescala-que-va-fer-lexercit-per-accedir-a-gardeny\/#article","isPartOf":{"@id":"https:\/\/castellgardenylleida.com\/ca\/laccg-proposa-recuperar-lescala-que-va-fer-lexercit-per-accedir-a-gardeny\/"},"author":{"name":"Oscar","@id":"https:\/\/castellgardenylleida.com\/ca\/#\/schema\/person\/3aa96387be58f9fb3cda56eed65d7f1d"},"headline":"L&#8217;ACCG, proposa recuperar l&#8217;escala que va fer l&#8217;ex\u00e8rcit per accedir a Gardeny.","datePublished":"2021-10-09T17:05:30+00:00","dateModified":"2021-10-09T17:05:32+00:00","mainEntityOfPage":{"@id":"https:\/\/castellgardenylleida.com\/ca\/laccg-proposa-recuperar-lescala-que-va-fer-lexercit-per-accedir-a-gardeny\/"},"wordCount":80,"publisher":{"@id":"https:\/\/castellgardenylleida.com\/ca\/#organization"},"image":{"@id":"https:\/\/castellgardenylleida.com\/ca\/laccg-proposa-recuperar-lescala-que-va-fer-lexercit-per-accedir-a-gardeny\/#primaryimage"},"thumbnailUrl":"https:\/\/castellgardenylleida.com\/wp-content\/uploads\/2021\/10\/WhatsApp-Image-2020-11-22-at-07.49.45.jpeg","articleSection":["Castell Gardeny"],"inLanguage":"ca"},{"@type":"WebPage","@id":"https:\/\/castellgardenylleida.com\/ca\/laccg-proposa-recuperar-lescala-que-va-fer-lexercit-per-accedir-a-gardeny\/","url":"https:\/\/castellgardenylleida.com\/ca\/laccg-proposa-recuperar-lescala-que-va-fer-lexercit-per-accedir-a-gardeny\/","name":"L'ACCG, proposa recuperar l'escala que va fer l'ex\u00e8rcit per accedir a Gardeny. - Castell Gardeny Lleida","isPartOf":{"@id":"https:\/\/castellgardenylleida.com\/ca\/#website"},"primaryImageOfPage":{"@id":"https:\/\/castellgardenylleida.com\/ca\/laccg-proposa-recuperar-lescala-que-va-fer-lexercit-per-accedir-a-gardeny\/#primaryimage"},"image":{"@id":"https:\/\/castellgardenylleida.com\/ca\/laccg-proposa-recuperar-lescala-que-va-fer-lexercit-per-accedir-a-gardeny\/#primaryimage"},"thumbnailUrl":"https:\/\/castellgardenylleida.com\/wp-content\/uploads\/2021\/10\/WhatsApp-Image-2020-11-22-at-07.49.45.jpeg","datePublished":"2021-10-09T17:05:30+00:00","dateModified":"2021-10-09T17:05:32+00:00","breadcrumb":{"@id":"https:\/\/castellgardenylleida.com\/ca\/laccg-proposa-recuperar-lescala-que-va-fer-lexercit-per-accedir-a-gardeny\/#breadcrumb"},"inLanguage":"ca","potentialAction":[{"@type":"ReadAction","target":["https:\/\/castellgardenylleida.com\/ca\/laccg-proposa-recuperar-lescala-que-va-fer-lexercit-per-accedir-a-gardeny\/"]}]},{"@type":"ImageObject","inLanguage":"ca","@id":"https:\/\/castellgardenylleida.com\/ca\/laccg-proposa-recuperar-lescala-que-va-fer-lexercit-per-accedir-a-gardeny\/#primaryimage","url":"https:\/\/castellgardenylleida.com\/wp-content\/uploads\/2021\/10\/WhatsApp-Image-2020-11-22-at-07.49.45.jpeg","contentUrl":"https:\/\/castellgardenylleida.com\/wp-content\/uploads\/2021\/10\/WhatsApp-Image-2020-11-22-at-07.49.45.jpeg","width":1080,"height":1378,"caption":"escales militars de gardeny"},{"@type":"BreadcrumbList","@id":"https:\/\/castellgardenylleida.com\/ca\/laccg-proposa-recuperar-lescala-que-va-fer-lexercit-per-accedir-a-gardeny\/#breadcrumb","itemListElement":[{"@type":"ListItem","position":1,"name":"Portada","item":"https:\/\/castellgardenylleida.com\/"},{"@type":"ListItem","position":2,"name":"L&#8217;ACCG, proposa recuperar l&#8217;escala que va fer l&#8217;ex\u00e8rcit per accedir a Gardeny."}]},{"@type":"WebSite","@id":"https:\/\/castellgardenylleida.com\/ca\/#website","url":"https:\/\/castellgardenylleida.com\/ca\/","name":"Castell Gardeny Lleida","description":"turo de gardeny","publisher":{"@id":"https:\/\/castellgardenylleida.com\/ca\/#organization"},"potentialAction":[{"@type":"SearchAction","target":{"@type":"EntryPoint","urlTemplate":"https:\/\/castellgardenylleida.com\/ca\/?s={search_term_string}"},"query-input":{"@type":"PropertyValueSpecification","valueRequired":true,"valueName":"search_term_string"}}],"inLanguage":"ca"},{"@type":"Organization","@id":"https:\/\/castellgardenylleida.com\/ca\/#organization","name":"Castell Gardeny Lleida","url":"https:\/\/castellgardenylleida.com\/ca\/","logo":{"@type":"ImageObject","inLanguage":"ca","@id":"https:\/\/castellgardenylleida.com\/ca\/#\/schema\/logo\/image\/","url":"https:\/\/castellgardenylleida.com\/wp-content\/uploads\/2019\/09\/cropped-LOGOTIP_ACCG_blanc.png","contentUrl":"https:\/\/castellgardenylleida.com\/wp-content\/uploads\/2019\/09\/cropped-LOGOTIP_ACCG_blanc.png","width":500,"height":199,"caption":"Castell Gardeny Lleida"},"image":{"@id":"https:\/\/castellgardenylleida.com\/ca\/#\/schema\/logo\/image\/"}},{"@type":"Person","@id":"https:\/\/castellgardenylleida.com\/ca\/#\/schema\/person\/3aa96387be58f9fb3cda56eed65d7f1d","name":"Oscar","url":"https:\/\/castellgardenylleida.com\/ca\/author\/oscar\/"}]}},"_links":{"self":[{"href":"https:\/\/castellgardenylleida.com\/ca\/wp-json\/wp\/v2\/posts\/1974","targetHints":{"allow":["GET"]}}],"collection":[{"href":"https:\/\/castellgardenylleida.com\/ca\/wp-json\/wp\/v2\/posts"}],"about":[{"href":"https:\/\/castellgardenylleida.com\/ca\/wp-json\/wp\/v2\/types\/post"}],"author":[{"embeddable":true,"href":"https:\/\/castellgardenylleida.com\/ca\/wp-json\/wp\/v2\/users\/2"}],"replies":[{"embeddable":true,"href":"https:\/\/castellgardenylleida.com\/ca\/wp-json\/wp\/v2\/comments?post=1974"}],"version-history":[{"count":1,"href":"https:\/\/castellgardenylleida.com\/ca\/wp-json\/wp\/v2\/posts\/1974\/revisions"}],"predecessor-version":[{"id":1976,"href":"https:\/\/castellgardenylleida.com\/ca\/wp-json\/wp\/v2\/posts\/1974\/revisions\/1976"}],"wp:featuredmedia":[{"embeddable":true,"href":"https:\/\/castellgardenylleida.com\/ca\/wp-json\/wp\/v2\/media\/1975"}],"wp:attachment":[{"href":"https:\/\/castellgardenylleida.com\/ca\/wp-json\/wp\/v2\/media?parent=1974"}],"wp:term":[{"taxonomy":"category","embeddable":true,"href":"https:\/\/castellgardenylleida.com\/ca\/wp-json\/wp\/v2\/categories?post=1974"},{"taxonomy":"post_tag","embeddable":true,"href":"https:\/\/castellgardenylleida.com\/ca\/wp-json\/wp\/v2\/tags?post=1974"}],"curies":[{"name":"wp","href":"https:\/\/api.w.org\/{rel}","templated":true}]}}