{"id":1939,"date":"2020-10-05T17:22:08","date_gmt":"2020-10-05T17:22:08","guid":{"rendered":"https:\/\/castellgardenylleida.com\/?p=1939"},"modified":"2021-10-09T17:16:41","modified_gmt":"2021-10-09T17:16:41","slug":"canvi-de-junta-de-lassociacio","status":"publish","type":"post","link":"https:\/\/castellgardenylleida.com\/ca\/canvi-de-junta-de-lassociacio\/","title":{"rendered":"CANVI DE JUNTA DE L&#8217;ASSOCIACI\u00d3 CULTURAL CASTELL DE GARDENY"},"content":{"rendered":"<p>3 d&#8217;octubre de 2020, Recenment l&#8217;Associaci\u00f3 Cultural Castell de Gardeny, va cel-lebrar la seva reuni\u00f3 anual, en la que es van realitzar el canvi de junta.<\/p>","protected":false},"excerpt":{"rendered":"<p>3 d&#8217;octubre de 2020, Recenment l&#8217;Associaci\u00f3 Cultural Castell de Gardeny, va cel-lebrar la seva reuni\u00f3 anual, en la que es van realitzar el canvi de junta.<\/p>","protected":false},"author":2,"featured_media":1940,"comment_status":"closed","ping_status":"closed","sticky":false,"template":"","format":"standard","meta":{"footnotes":""},"categories":[97],"tags":[],"class_list":["post-1939","post","type-post","status-publish","format-standard","has-post-thumbnail","hentry","category-castell-gardeny"],"yoast_head":"<!-- This site is optimized with the Yoast SEO plugin v24.8.1 - https:\/\/yoast.com\/wordpress\/plugins\/seo\/ -->\n<title>CANVI DE JUNTA DE L&#039;ASSOCIACI\u00d3 CULTURAL CASTELL DE GARDENY - Castell Gardeny Lleida<\/title>\n<meta name=\"robots\" content=\"index, follow, max-snippet:-1, max-image-preview:large, max-video-preview:-1\" \/>\n<link rel=\"canonical\" href=\"https:\/\/castellgardenylleida.com\/ca\/canvi-de-junta-de-lassociacio\/\" \/>\n<meta property=\"og:locale\" content=\"ca_ES\" \/>\n<meta property=\"og:type\" content=\"article\" \/>\n<meta property=\"og:title\" content=\"CANVI DE JUNTA DE L&#039;ASSOCIACI\u00d3 CULTURAL CASTELL DE GARDENY - Castell Gardeny Lleida\" \/>\n<meta property=\"og:description\" content=\"3 d&#8217;octubre de 2020, Recenment l&#8217;Associaci\u00f3 Cultural Castell de Gardeny, va cel-lebrar la seva reuni\u00f3 anual, en la que es van realitzar el canvi de junta.\" \/>\n<meta property=\"og:url\" content=\"https:\/\/castellgardenylleida.com\/ca\/canvi-de-junta-de-lassociacio\/\" \/>\n<meta property=\"og:site_name\" content=\"Castell Gardeny Lleida\" \/>\n<meta property=\"article:published_time\" content=\"2020-10-05T17:22:08+00:00\" \/>\n<meta property=\"article:modified_time\" content=\"2021-10-09T17:16:41+00:00\" \/>\n<meta property=\"og:image\" content=\"https:\/\/castellgardenylleida.com\/wp-content\/uploads\/2020\/10\/WhatsApp-Image-2020-09-25-at-13.50.21.jpeg\" \/>\n\t<meta property=\"og:image:width\" content=\"539\" \/>\n\t<meta property=\"og:image:height\" content=\"880\" \/>\n\t<meta property=\"og:image:type\" content=\"image\/jpeg\" \/>\n<meta name=\"author\" content=\"Oscar\" \/>\n<meta name=\"twitter:card\" content=\"summary_large_image\" \/>\n<meta name=\"twitter:label1\" content=\"Escrit per\" \/>\n\t<meta name=\"twitter:data1\" content=\"Oscar\" \/>\n\t<meta name=\"twitter:label2\" content=\"Temps estimat de lectura\" \/>\n\t<meta name=\"twitter:data2\" content=\"1 minut\" \/>\n<script type=\"application\/ld+json\" class=\"yoast-schema-graph\">{\"@context\":\"https:\/\/schema.org\",\"@graph\":[{\"@type\":\"Article\",\"@id\":\"https:\/\/castellgardenylleida.com\/ca\/canvi-de-junta-de-lassociacio\/#article\",\"isPartOf\":{\"@id\":\"https:\/\/castellgardenylleida.com\/ca\/canvi-de-junta-de-lassociacio\/\"},\"author\":{\"name\":\"Oscar\",\"@id\":\"https:\/\/castellgardenylleida.com\/ca\/#\/schema\/person\/3aa96387be58f9fb3cda56eed65d7f1d\"},\"headline\":\"CANVI DE JUNTA DE L&#8217;ASSOCIACI\u00d3 CULTURAL CASTELL DE GARDENY\",\"datePublished\":\"2020-10-05T17:22:08+00:00\",\"dateModified\":\"2021-10-09T17:16:41+00:00\",\"mainEntityOfPage\":{\"@id\":\"https:\/\/castellgardenylleida.com\/ca\/canvi-de-junta-de-lassociacio\/\"},\"wordCount\":36,\"publisher\":{\"@id\":\"https:\/\/castellgardenylleida.com\/ca\/#organization\"},\"image\":{\"@id\":\"https:\/\/castellgardenylleida.com\/ca\/canvi-de-junta-de-lassociacio\/#primaryimage\"},\"thumbnailUrl\":\"https:\/\/castellgardenylleida.com\/wp-content\/uploads\/2020\/10\/WhatsApp-Image-2020-09-25-at-13.50.21.jpeg\",\"articleSection\":[\"Castell Gardeny\"],\"inLanguage\":\"ca\"},{\"@type\":\"WebPage\",\"@id\":\"https:\/\/castellgardenylleida.com\/ca\/canvi-de-junta-de-lassociacio\/\",\"url\":\"https:\/\/castellgardenylleida.com\/ca\/canvi-de-junta-de-lassociacio\/\",\"name\":\"CANVI DE JUNTA DE L'ASSOCIACI\u00d3 CULTURAL CASTELL DE GARDENY - Castell Gardeny Lleida\",\"isPartOf\":{\"@id\":\"https:\/\/castellgardenylleida.com\/ca\/#website\"},\"primaryImageOfPage\":{\"@id\":\"https:\/\/castellgardenylleida.com\/ca\/canvi-de-junta-de-lassociacio\/#primaryimage\"},\"image\":{\"@id\":\"https:\/\/castellgardenylleida.com\/ca\/canvi-de-junta-de-lassociacio\/#primaryimage\"},\"thumbnailUrl\":\"https:\/\/castellgardenylleida.com\/wp-content\/uploads\/2020\/10\/WhatsApp-Image-2020-09-25-at-13.50.21.jpeg\",\"datePublished\":\"2020-10-05T17:22:08+00:00\",\"dateModified\":\"2021-10-09T17:16:41+00:00\",\"breadcrumb\":{\"@id\":\"https:\/\/castellgardenylleida.com\/ca\/canvi-de-junta-de-lassociacio\/#breadcrumb\"},\"inLanguage\":\"ca\",\"potentialAction\":[{\"@type\":\"ReadAction\",\"target\":[\"https:\/\/castellgardenylleida.com\/ca\/canvi-de-junta-de-lassociacio\/\"]}]},{\"@type\":\"ImageObject\",\"inLanguage\":\"ca\",\"@id\":\"https:\/\/castellgardenylleida.com\/ca\/canvi-de-junta-de-lassociacio\/#primaryimage\",\"url\":\"https:\/\/castellgardenylleida.com\/wp-content\/uploads\/2020\/10\/WhatsApp-Image-2020-09-25-at-13.50.21.jpeg\",\"contentUrl\":\"https:\/\/castellgardenylleida.com\/wp-content\/uploads\/2020\/10\/WhatsApp-Image-2020-09-25-at-13.50.21.jpeg\",\"width\":539,\"height\":880},{\"@type\":\"BreadcrumbList\",\"@id\":\"https:\/\/castellgardenylleida.com\/ca\/canvi-de-junta-de-lassociacio\/#breadcrumb\",\"itemListElement\":[{\"@type\":\"ListItem\",\"position\":1,\"name\":\"Portada\",\"item\":\"https:\/\/castellgardenylleida.com\/\"},{\"@type\":\"ListItem\",\"position\":2,\"name\":\"CANVI DE JUNTA DE L&#8217;ASSOCIACI\u00d3 CULTURAL CASTELL DE GARDENY\"}]},{\"@type\":\"WebSite\",\"@id\":\"https:\/\/castellgardenylleida.com\/ca\/#website\",\"url\":\"https:\/\/castellgardenylleida.com\/ca\/\",\"name\":\"Castell Gardeny Lleida\",\"description\":\"turo de gardeny\",\"publisher\":{\"@id\":\"https:\/\/castellgardenylleida.com\/ca\/#organization\"},\"potentialAction\":[{\"@type\":\"SearchAction\",\"target\":{\"@type\":\"EntryPoint\",\"urlTemplate\":\"https:\/\/castellgardenylleida.com\/ca\/?s={search_term_string}\"},\"query-input\":{\"@type\":\"PropertyValueSpecification\",\"valueRequired\":true,\"valueName\":\"search_term_string\"}}],\"inLanguage\":\"ca\"},{\"@type\":\"Organization\",\"@id\":\"https:\/\/castellgardenylleida.com\/ca\/#organization\",\"name\":\"Castell Gardeny Lleida\",\"url\":\"https:\/\/castellgardenylleida.com\/ca\/\",\"logo\":{\"@type\":\"ImageObject\",\"inLanguage\":\"ca\",\"@id\":\"https:\/\/castellgardenylleida.com\/ca\/#\/schema\/logo\/image\/\",\"url\":\"https:\/\/castellgardenylleida.com\/wp-content\/uploads\/2019\/09\/cropped-LOGOTIP_ACCG_blanc.png\",\"contentUrl\":\"https:\/\/castellgardenylleida.com\/wp-content\/uploads\/2019\/09\/cropped-LOGOTIP_ACCG_blanc.png\",\"width\":500,\"height\":199,\"caption\":\"Castell Gardeny Lleida\"},\"image\":{\"@id\":\"https:\/\/castellgardenylleida.com\/ca\/#\/schema\/logo\/image\/\"}},{\"@type\":\"Person\",\"@id\":\"https:\/\/castellgardenylleida.com\/ca\/#\/schema\/person\/3aa96387be58f9fb3cda56eed65d7f1d\",\"name\":\"Oscar\",\"url\":\"https:\/\/castellgardenylleida.com\/ca\/author\/oscar\/\"}]}<\/script>\n<!-- \/ Yoast SEO plugin. -->","yoast_head_json":{"title":"CANVI DE JUNTA DE L'ASSOCIACI\u00d3 CULTURAL CASTELL DE GARDENY - Castell Gardeny Lleida","robots":{"index":"index","follow":"follow","max-snippet":"max-snippet:-1","max-image-preview":"max-image-preview:large","max-video-preview":"max-video-preview:-1"},"canonical":"https:\/\/castellgardenylleida.com\/ca\/canvi-de-junta-de-lassociacio\/","og_locale":"ca_ES","og_type":"article","og_title":"CANVI DE JUNTA DE L'ASSOCIACI\u00d3 CULTURAL CASTELL DE GARDENY - Castell Gardeny Lleida","og_description":"3 d&#8217;octubre de 2020, Recenment l&#8217;Associaci\u00f3 Cultural Castell de Gardeny, va cel-lebrar la seva reuni\u00f3 anual, en la que es van realitzar el canvi de junta.","og_url":"https:\/\/castellgardenylleida.com\/ca\/canvi-de-junta-de-lassociacio\/","og_site_name":"Castell Gardeny Lleida","article_published_time":"2020-10-05T17:22:08+00:00","article_modified_time":"2021-10-09T17:16:41+00:00","og_image":[{"width":539,"height":880,"url":"https:\/\/castellgardenylleida.com\/wp-content\/uploads\/2020\/10\/WhatsApp-Image-2020-09-25-at-13.50.21.jpeg","type":"image\/jpeg"}],"author":"Oscar","twitter_card":"summary_large_image","twitter_misc":{"Escrit per":"Oscar","Temps estimat de lectura":"1 minut"},"schema":{"@context":"https:\/\/schema.org","@graph":[{"@type":"Article","@id":"https:\/\/castellgardenylleida.com\/ca\/canvi-de-junta-de-lassociacio\/#article","isPartOf":{"@id":"https:\/\/castellgardenylleida.com\/ca\/canvi-de-junta-de-lassociacio\/"},"author":{"name":"Oscar","@id":"https:\/\/castellgardenylleida.com\/ca\/#\/schema\/person\/3aa96387be58f9fb3cda56eed65d7f1d"},"headline":"CANVI DE JUNTA DE L&#8217;ASSOCIACI\u00d3 CULTURAL CASTELL DE GARDENY","datePublished":"2020-10-05T17:22:08+00:00","dateModified":"2021-10-09T17:16:41+00:00","mainEntityOfPage":{"@id":"https:\/\/castellgardenylleida.com\/ca\/canvi-de-junta-de-lassociacio\/"},"wordCount":36,"publisher":{"@id":"https:\/\/castellgardenylleida.com\/ca\/#organization"},"image":{"@id":"https:\/\/castellgardenylleida.com\/ca\/canvi-de-junta-de-lassociacio\/#primaryimage"},"thumbnailUrl":"https:\/\/castellgardenylleida.com\/wp-content\/uploads\/2020\/10\/WhatsApp-Image-2020-09-25-at-13.50.21.jpeg","articleSection":["Castell Gardeny"],"inLanguage":"ca"},{"@type":"WebPage","@id":"https:\/\/castellgardenylleida.com\/ca\/canvi-de-junta-de-lassociacio\/","url":"https:\/\/castellgardenylleida.com\/ca\/canvi-de-junta-de-lassociacio\/","name":"CANVI DE JUNTA DE L'ASSOCIACI\u00d3 CULTURAL CASTELL DE GARDENY - Castell Gardeny Lleida","isPartOf":{"@id":"https:\/\/castellgardenylleida.com\/ca\/#website"},"primaryImageOfPage":{"@id":"https:\/\/castellgardenylleida.com\/ca\/canvi-de-junta-de-lassociacio\/#primaryimage"},"image":{"@id":"https:\/\/castellgardenylleida.com\/ca\/canvi-de-junta-de-lassociacio\/#primaryimage"},"thumbnailUrl":"https:\/\/castellgardenylleida.com\/wp-content\/uploads\/2020\/10\/WhatsApp-Image-2020-09-25-at-13.50.21.jpeg","datePublished":"2020-10-05T17:22:08+00:00","dateModified":"2021-10-09T17:16:41+00:00","breadcrumb":{"@id":"https:\/\/castellgardenylleida.com\/ca\/canvi-de-junta-de-lassociacio\/#breadcrumb"},"inLanguage":"ca","potentialAction":[{"@type":"ReadAction","target":["https:\/\/castellgardenylleida.com\/ca\/canvi-de-junta-de-lassociacio\/"]}]},{"@type":"ImageObject","inLanguage":"ca","@id":"https:\/\/castellgardenylleida.com\/ca\/canvi-de-junta-de-lassociacio\/#primaryimage","url":"https:\/\/castellgardenylleida.com\/wp-content\/uploads\/2020\/10\/WhatsApp-Image-2020-09-25-at-13.50.21.jpeg","contentUrl":"https:\/\/castellgardenylleida.com\/wp-content\/uploads\/2020\/10\/WhatsApp-Image-2020-09-25-at-13.50.21.jpeg","width":539,"height":880},{"@type":"BreadcrumbList","@id":"https:\/\/castellgardenylleida.com\/ca\/canvi-de-junta-de-lassociacio\/#breadcrumb","itemListElement":[{"@type":"ListItem","position":1,"name":"Portada","item":"https:\/\/castellgardenylleida.com\/"},{"@type":"ListItem","position":2,"name":"CANVI DE JUNTA DE L&#8217;ASSOCIACI\u00d3 CULTURAL CASTELL DE GARDENY"}]},{"@type":"WebSite","@id":"https:\/\/castellgardenylleida.com\/ca\/#website","url":"https:\/\/castellgardenylleida.com\/ca\/","name":"Castell Gardeny Lleida","description":"turo de gardeny","publisher":{"@id":"https:\/\/castellgardenylleida.com\/ca\/#organization"},"potentialAction":[{"@type":"SearchAction","target":{"@type":"EntryPoint","urlTemplate":"https:\/\/castellgardenylleida.com\/ca\/?s={search_term_string}"},"query-input":{"@type":"PropertyValueSpecification","valueRequired":true,"valueName":"search_term_string"}}],"inLanguage":"ca"},{"@type":"Organization","@id":"https:\/\/castellgardenylleida.com\/ca\/#organization","name":"Castell Gardeny Lleida","url":"https:\/\/castellgardenylleida.com\/ca\/","logo":{"@type":"ImageObject","inLanguage":"ca","@id":"https:\/\/castellgardenylleida.com\/ca\/#\/schema\/logo\/image\/","url":"https:\/\/castellgardenylleida.com\/wp-content\/uploads\/2019\/09\/cropped-LOGOTIP_ACCG_blanc.png","contentUrl":"https:\/\/castellgardenylleida.com\/wp-content\/uploads\/2019\/09\/cropped-LOGOTIP_ACCG_blanc.png","width":500,"height":199,"caption":"Castell Gardeny Lleida"},"image":{"@id":"https:\/\/castellgardenylleida.com\/ca\/#\/schema\/logo\/image\/"}},{"@type":"Person","@id":"https:\/\/castellgardenylleida.com\/ca\/#\/schema\/person\/3aa96387be58f9fb3cda56eed65d7f1d","name":"Oscar","url":"https:\/\/castellgardenylleida.com\/ca\/author\/oscar\/"}]}},"_links":{"self":[{"href":"https:\/\/castellgardenylleida.com\/ca\/wp-json\/wp\/v2\/posts\/1939","targetHints":{"allow":["GET"]}}],"collection":[{"href":"https:\/\/castellgardenylleida.com\/ca\/wp-json\/wp\/v2\/posts"}],"about":[{"href":"https:\/\/castellgardenylleida.com\/ca\/wp-json\/wp\/v2\/types\/post"}],"author":[{"embeddable":true,"href":"https:\/\/castellgardenylleida.com\/ca\/wp-json\/wp\/v2\/users\/2"}],"replies":[{"embeddable":true,"href":"https:\/\/castellgardenylleida.com\/ca\/wp-json\/wp\/v2\/comments?post=1939"}],"version-history":[{"count":5,"href":"https:\/\/castellgardenylleida.com\/ca\/wp-json\/wp\/v2\/posts\/1939\/revisions"}],"predecessor-version":[{"id":1984,"href":"https:\/\/castellgardenylleida.com\/ca\/wp-json\/wp\/v2\/posts\/1939\/revisions\/1984"}],"wp:featuredmedia":[{"embeddable":true,"href":"https:\/\/castellgardenylleida.com\/ca\/wp-json\/wp\/v2\/media\/1940"}],"wp:attachment":[{"href":"https:\/\/castellgardenylleida.com\/ca\/wp-json\/wp\/v2\/media?parent=1939"}],"wp:term":[{"taxonomy":"category","embeddable":true,"href":"https:\/\/castellgardenylleida.com\/ca\/wp-json\/wp\/v2\/categories?post=1939"},{"taxonomy":"post_tag","embeddable":true,"href":"https:\/\/castellgardenylleida.com\/ca\/wp-json\/wp\/v2\/tags?post=1939"}],"curies":[{"name":"wp","href":"https:\/\/api.w.org\/{rel}","templated":true}]}}